{"id":1274,"date":"2026-03-10T19:19:06","date_gmt":"2026-03-10T19:19:06","guid":{"rendered":"https:\/\/www.gruene-dettelbach-schwarzach.de\/?p=1274"},"modified":"2026-03-10T19:19:07","modified_gmt":"2026-03-10T19:19:07","slug":"2-starke-frauen-neu-im-gemeinderat","status":"publish","type":"post","link":"https:\/\/www.gruene-dettelbach-schwarzach.de\/?p=1274","title":{"rendered":"2 starke Frauen neu im Gemeinderat"},"content":{"rendered":"\n<p>Herzlichen Dank an alle, die uns mit Ihrer Stimme untert\u00fctzt haben. \u00dcber 3000 Stimmen haben wir bekommen und wir freuen uns \u00fcber diesen Erfolg. Von 0 auf 2 Mandate ist eine starke Leistung.<\/p>\n\n\n\n<p>Wir sehen das als Ansporn mehr GR\u00dcN in unser Schwarzach zu bringen. <\/p>\n\n\n\n<p>F\u00fcr alle, die  sich mit uns austauschen wollen, stehen immer unsere Treffen offen. Jeder darf zu unseren Treffen kommen. Wir sind offen und transparent. Die Treffen stehen auf der Internetseite unter <a href=\"https:\/\/www.gruene-dettelbach-schwarzach.de\/?cat=37\" data-type=\"category\" data-id=\"37\">Termine.<\/a><\/p>\n\n\n\n<p>Das n\u00e4chste Treffen ist bereits am 15.M\u00e4rz  19:00 im Akropolis. <\/p>\n\n\n\n<p><\/p>\n","protected":false},"excerpt":{"rendered":"<p>Herzlichen Dank an alle, die uns mit Ihrer Stimme untert\u00fctzt haben. \u00dcber 3000 Stimmen haben wir bekommen und wir freuen uns \u00fcber diesen Erfolg. Von 0 auf 2 Mandate ist [&hellip;]<\/p>\n","protected":false},"author":-1,"featured_media":1275,"comment_status":"open","ping_status":"open","sticky":false,"template":"","format":"standard","meta":{"footnotes":""},"categories":[1,2],"tags":[],"class_list":["post-1274","post","type-post","status-publish","format-standard","has-post-thumbnail","hentry","category-aktuelles","category-wahlen"],"_links":{"self":[{"href":"https:\/\/www.gruene-dettelbach-schwarzach.de\/index.php?rest_route=\/wp\/v2\/posts\/1274","targetHints":{"allow":["GET"]}}],"collection":[{"href":"https:\/\/www.gruene-dettelbach-schwarzach.de\/index.php?rest_route=\/wp\/v2\/posts"}],"about":[{"href":"https:\/\/www.gruene-dettelbach-schwarzach.de\/index.php?rest_route=\/wp\/v2\/types\/post"}],"author":[{"embeddable":true,"href":"https:\/\/www.gruene-dettelbach-schwarzach.de\/index.php?rest_route=\/wp\/v2\/users\/9"}],"replies":[{"embeddable":true,"href":"https:\/\/www.gruene-dettelbach-schwarzach.de\/index.php?rest_route=%2Fwp%2Fv2%2Fcomments&post=1274"}],"version-history":[{"count":1,"href":"https:\/\/www.gruene-dettelbach-schwarzach.de\/index.php?rest_route=\/wp\/v2\/posts\/1274\/revisions"}],"predecessor-version":[{"id":1276,"href":"https:\/\/www.gruene-dettelbach-schwarzach.de\/index.php?rest_route=\/wp\/v2\/posts\/1274\/revisions\/1276"}],"wp:featuredmedia":[{"embeddable":true,"href":"https:\/\/www.gruene-dettelbach-schwarzach.de\/index.php?rest_route=\/wp\/v2\/media\/1275"}],"wp:attachment":[{"href":"https:\/\/www.gruene-dettelbach-schwarzach.de\/index.php?rest_route=%2Fwp%2Fv2%2Fmedia&parent=1274"}],"wp:term":[{"taxonomy":"category","embeddable":true,"href":"https:\/\/www.gruene-dettelbach-schwarzach.de\/index.php?rest_route=%2Fwp%2Fv2%2Fcategories&post=1274"},{"taxonomy":"post_tag","embeddable":true,"href":"https:\/\/www.gruene-dettelbach-schwarzach.de\/index.php?rest_route=%2Fwp%2Fv2%2Ftags&post=1274"}],"curies":[{"name":"wp","href":"https:\/\/api.w.org\/{rel}","templated":true}]}}