{"id":1054,"date":"2024-12-13T15:45:44","date_gmt":"2024-12-13T15:45:44","guid":{"rendered":"https:\/\/www.gruene-dettelbach-schwarzach.de\/?p=1054"},"modified":"2024-12-13T15:45:44","modified_gmt":"2024-12-13T15:45:44","slug":"motive-der-wahlplakate","status":"publish","type":"post","link":"https:\/\/www.gruene-dettelbach-schwarzach.de\/?p=1054","title":{"rendered":"Motive der Wahlplakate"},"content":{"rendered":"\n<p>F\u00fcr alle die, die Wahlplakate f\u00fcr die Bundestagswahl 2025 noch nicht kennen, zeigen wir hier alle 6 Plakate. <br>Wir in unserem Ortsverein haben uns f\u00fcr die Plakate &#8222;Robert&#8220;, &#8222;Das Leben muss bezahlbar bleiben&#8220; und &#8222;Naturschutz&#8220; entschieden.<\/p>\n\n\n\n<figure class=\"wp-block-gallery has-nested-images columns-default is-cropped wp-block-gallery-1 is-layout-flex wp-block-gallery-is-layout-flex\">\n<figure class=\"wp-block-image size-large\"><img loading=\"lazy\" decoding=\"async\" width=\"800\" height=\"1000\" data-id=\"1056\" src=\"https:\/\/www.gruene-dettelbach-schwarzach.de\/wp-content\/uploads\/2024\/12\/2_20241205_BTW25-Plakate-800x1000.jpg\" alt=\"\" class=\"wp-image-1056\" srcset=\"https:\/\/www.gruene-dettelbach-schwarzach.de\/wp-content\/uploads\/2024\/12\/2_20241205_BTW25-Plakate-800x1000.jpg 800w, https:\/\/www.gruene-dettelbach-schwarzach.de\/wp-content\/uploads\/2024\/12\/2_20241205_BTW25-Plakate-400x500.jpg 400w, https:\/\/www.gruene-dettelbach-schwarzach.de\/wp-content\/uploads\/2024\/12\/2_20241205_BTW25-Plakate-768x960.jpg 768w, https:\/\/www.gruene-dettelbach-schwarzach.de\/wp-content\/uploads\/2024\/12\/2_20241205_BTW25-Plakate-1229x1536.jpg 1229w, https:\/\/www.gruene-dettelbach-schwarzach.de\/wp-content\/uploads\/2024\/12\/2_20241205_BTW25-Plakate.jpg 1440w\" sizes=\"auto, (max-width: 800px) 100vw, 800px\" \/><\/figure>\n\n\n\n<figure class=\"wp-block-image size-large\"><img loading=\"lazy\" decoding=\"async\" width=\"800\" height=\"1000\" data-id=\"1057\" src=\"https:\/\/www.gruene-dettelbach-schwarzach.de\/wp-content\/uploads\/2024\/12\/3_20241205_BTW25-Plakate9-800x1000.jpg\" alt=\"Leben bezahlbar\" class=\"wp-image-1057\" srcset=\"https:\/\/www.gruene-dettelbach-schwarzach.de\/wp-content\/uploads\/2024\/12\/3_20241205_BTW25-Plakate9-800x1000.jpg 800w, https:\/\/www.gruene-dettelbach-schwarzach.de\/wp-content\/uploads\/2024\/12\/3_20241205_BTW25-Plakate9-400x500.jpg 400w, https:\/\/www.gruene-dettelbach-schwarzach.de\/wp-content\/uploads\/2024\/12\/3_20241205_BTW25-Plakate9-768x960.jpg 768w, https:\/\/www.gruene-dettelbach-schwarzach.de\/wp-content\/uploads\/2024\/12\/3_20241205_BTW25-Plakate9-1229x1536.jpg 1229w, https:\/\/www.gruene-dettelbach-schwarzach.de\/wp-content\/uploads\/2024\/12\/3_20241205_BTW25-Plakate9.jpg 1440w\" sizes=\"auto, (max-width: 800px) 100vw, 800px\" \/><\/figure>\n\n\n\n<figure class=\"wp-block-image size-large\"><img loading=\"lazy\" decoding=\"async\" width=\"800\" height=\"1000\" data-id=\"1058\" src=\"https:\/\/www.gruene-dettelbach-schwarzach.de\/wp-content\/uploads\/2024\/12\/4_20241205_BTW25-Plakate11-800x1000.jpg\" alt=\"Frieden in Freiheit\" class=\"wp-image-1058\" srcset=\"https:\/\/www.gruene-dettelbach-schwarzach.de\/wp-content\/uploads\/2024\/12\/4_20241205_BTW25-Plakate11-800x1000.jpg 800w, https:\/\/www.gruene-dettelbach-schwarzach.de\/wp-content\/uploads\/2024\/12\/4_20241205_BTW25-Plakate11-400x500.jpg 400w, https:\/\/www.gruene-dettelbach-schwarzach.de\/wp-content\/uploads\/2024\/12\/4_20241205_BTW25-Plakate11-768x960.jpg 768w, https:\/\/www.gruene-dettelbach-schwarzach.de\/wp-content\/uploads\/2024\/12\/4_20241205_BTW25-Plakate11-1229x1536.jpg 1229w, https:\/\/www.gruene-dettelbach-schwarzach.de\/wp-content\/uploads\/2024\/12\/4_20241205_BTW25-Plakate11.jpg 1440w\" sizes=\"auto, (max-width: 800px) 100vw, 800px\" \/><\/figure>\n\n\n\n<figure class=\"wp-block-image size-large\"><img loading=\"lazy\" decoding=\"async\" width=\"800\" height=\"1000\" data-id=\"1059\" src=\"https:\/\/www.gruene-dettelbach-schwarzach.de\/wp-content\/uploads\/2024\/12\/5_20241205_BTW25-Plakate5-800x1000.jpg\" alt=\"Schulen und Kitas sanieren\" class=\"wp-image-1059\" srcset=\"https:\/\/www.gruene-dettelbach-schwarzach.de\/wp-content\/uploads\/2024\/12\/5_20241205_BTW25-Plakate5-800x1000.jpg 800w, https:\/\/www.gruene-dettelbach-schwarzach.de\/wp-content\/uploads\/2024\/12\/5_20241205_BTW25-Plakate5-400x500.jpg 400w, https:\/\/www.gruene-dettelbach-schwarzach.de\/wp-content\/uploads\/2024\/12\/5_20241205_BTW25-Plakate5-768x960.jpg 768w, https:\/\/www.gruene-dettelbach-schwarzach.de\/wp-content\/uploads\/2024\/12\/5_20241205_BTW25-Plakate5-1229x1536.jpg 1229w, https:\/\/www.gruene-dettelbach-schwarzach.de\/wp-content\/uploads\/2024\/12\/5_20241205_BTW25-Plakate5.jpg 1440w\" sizes=\"auto, (max-width: 800px) 100vw, 800px\" \/><\/figure>\n\n\n\n<figure class=\"wp-block-image size-large\"><img loading=\"lazy\" decoding=\"async\" width=\"800\" height=\"1000\" data-id=\"1060\" src=\"https:\/\/www.gruene-dettelbach-schwarzach.de\/wp-content\/uploads\/2024\/12\/6_20241205_BTW25-Plakate7-800x1000.jpg\" alt=\"Natur- und Klimaschutz\" class=\"wp-image-1060\" srcset=\"https:\/\/www.gruene-dettelbach-schwarzach.de\/wp-content\/uploads\/2024\/12\/6_20241205_BTW25-Plakate7-800x1000.jpg 800w, https:\/\/www.gruene-dettelbach-schwarzach.de\/wp-content\/uploads\/2024\/12\/6_20241205_BTW25-Plakate7-400x500.jpg 400w, https:\/\/www.gruene-dettelbach-schwarzach.de\/wp-content\/uploads\/2024\/12\/6_20241205_BTW25-Plakate7-768x960.jpg 768w, https:\/\/www.gruene-dettelbach-schwarzach.de\/wp-content\/uploads\/2024\/12\/6_20241205_BTW25-Plakate7-1229x1536.jpg 1229w, https:\/\/www.gruene-dettelbach-schwarzach.de\/wp-content\/uploads\/2024\/12\/6_20241205_BTW25-Plakate7.jpg 1440w\" sizes=\"auto, (max-width: 800px) 100vw, 800px\" \/><\/figure>\n<\/figure>\n","protected":false},"excerpt":{"rendered":"<p>F\u00fcr alle die, die Wahlplakate f\u00fcr die Bundestagswahl 2025 noch nicht kennen, zeigen wir hier alle 6 Plakate. Wir in unserem Ortsverein haben uns f\u00fcr die Plakate &#8222;Robert&#8220;, &#8222;Das Leben [&hellip;]<\/p>\n","protected":false},"author":-1,"featured_media":1055,"comment_status":"open","ping_status":"open","sticky":false,"template":"","format":"standard","meta":{"footnotes":""},"categories":[1],"tags":[],"class_list":["post-1054","post","type-post","status-publish","format-standard","has-post-thumbnail","hentry","category-aktuelles"],"_links":{"self":[{"href":"https:\/\/www.gruene-dettelbach-schwarzach.de\/index.php?rest_route=\/wp\/v2\/posts\/1054","targetHints":{"allow":["GET"]}}],"collection":[{"href":"https:\/\/www.gruene-dettelbach-schwarzach.de\/index.php?rest_route=\/wp\/v2\/posts"}],"about":[{"href":"https:\/\/www.gruene-dettelbach-schwarzach.de\/index.php?rest_route=\/wp\/v2\/types\/post"}],"author":[{"embeddable":true,"href":"https:\/\/www.gruene-dettelbach-schwarzach.de\/index.php?rest_route=\/wp\/v2\/users\/9"}],"replies":[{"embeddable":true,"href":"https:\/\/www.gruene-dettelbach-schwarzach.de\/index.php?rest_route=%2Fwp%2Fv2%2Fcomments&post=1054"}],"version-history":[{"count":1,"href":"https:\/\/www.gruene-dettelbach-schwarzach.de\/index.php?rest_route=\/wp\/v2\/posts\/1054\/revisions"}],"predecessor-version":[{"id":1061,"href":"https:\/\/www.gruene-dettelbach-schwarzach.de\/index.php?rest_route=\/wp\/v2\/posts\/1054\/revisions\/1061"}],"wp:featuredmedia":[{"embeddable":true,"href":"https:\/\/www.gruene-dettelbach-schwarzach.de\/index.php?rest_route=\/wp\/v2\/media\/1055"}],"wp:attachment":[{"href":"https:\/\/www.gruene-dettelbach-schwarzach.de\/index.php?rest_route=%2Fwp%2Fv2%2Fmedia&parent=1054"}],"wp:term":[{"taxonomy":"category","embeddable":true,"href":"https:\/\/www.gruene-dettelbach-schwarzach.de\/index.php?rest_route=%2Fwp%2Fv2%2Fcategories&post=1054"},{"taxonomy":"post_tag","embeddable":true,"href":"https:\/\/www.gruene-dettelbach-schwarzach.de\/index.php?rest_route=%2Fwp%2Fv2%2Ftags&post=1054"}],"curies":[{"name":"wp","href":"https:\/\/api.w.org\/{rel}","templated":true}]}}