{"id":1028,"date":"2024-10-14T17:43:22","date_gmt":"2024-10-14T17:43:22","guid":{"rendered":"https:\/\/www.gruene-dettelbach-schwarzach.de\/?p=1028"},"modified":"2024-10-14T17:46:29","modified_gmt":"2024-10-14T17:46:29","slug":"wahl-des-direktkandidaten-fuer-wahlkreis-schweinfurt-kitzingen","status":"publish","type":"post","link":"https:\/\/www.gruene-dettelbach-schwarzach.de\/?p=1028","title":{"rendered":"Wahl des Direktkandidaten f\u00fcr Wahlkreis Schweinfurt \/ Kitzingen"},"content":{"rendered":"\n<p>Am Samstag den 12.Oktober war die Wahl des GR\u00dcNEN Kandidaten f\u00fcr den Wahlkreis 249 (Schweinfurt \/ Kitzingen).  Die Veranstaltung fand in den R\u00e4umen der Firma D\u00f6pfner in Gerolzhofen statt. 42 wahlberechtigte Mitglieder waren anwesend. Das zeigt ein gro\u00dfes Interesse.<\/p>\n\n\n\n<p>3 Bewerber standen zur Auswahl:<br>&#8211; Michael D\u00f6ring (von unserem OV. Er kommt aus Schwarzenau)<br>&#8211; Dennis van der Wals <br>&#8211; Stefan Weidinger vom OV Grafenrheinfeld<\/p>\n\n\n\n<p>Michael stellte in seiner Rede den Klimaschutz in den Mittelpunkt seiner Rede. Er betonte die Dringlichkeit des Umsteuerns in die CO2 Neutralit\u00e4t.<\/p>\n\n\n\n<p>Dennis hingegen setzte einen anderen Schwerpunkt. Er konzentrierte sich auf die Versorgungssicherheit auf dem Land mit \u00c4rzten und dem \u00d6PNV. Es gibt zu wenig Haus\u00e4rzte \/ KInder\u00e4rzte auf dem Land.<\/p>\n\n\n\n<p>Stefan, der bereits Erfahrungen im Gemeinderat gesammelt hat, ging auf die momentane Stimmung gegen die GR\u00dcNEN ein.  Seine Schwerpunkte setzte er bei der Verbesserung der Digitalisierung und dem B\u00fcrokratieabbau und dem Verhindern von neuen Atomanlagen.<\/p>\n\n\n\n<p>Jedem Kandidaten konnten im Anschluss noch Fragen gestellt werden. <br>Dann wurde gew\u00e4hlt. <br><strong>Stefan gewann mit 29 Stimmen bereits im 1. Wahlgang die Wahl und ist unser Bundestagskandidat f\u00fcr die Wahl im September 2026.<\/strong><\/p>\n\n\n\n<p><\/p>\n\n\n\n<figure class=\"wp-block-image size-large\"><img loading=\"lazy\" decoding=\"async\" width=\"800\" height=\"1067\" src=\"https:\/\/www.gruene-dettelbach-schwarzach.de\/wp-content\/uploads\/2024\/10\/image00004-800x1067.jpeg\" alt=\"Die 3 Kandidaten : von links:\nStefan, Dennis, Michael\" class=\"wp-image-1031\" srcset=\"https:\/\/www.gruene-dettelbach-schwarzach.de\/wp-content\/uploads\/2024\/10\/image00004-800x1067.jpeg 800w, https:\/\/www.gruene-dettelbach-schwarzach.de\/wp-content\/uploads\/2024\/10\/image00004-400x533.jpeg 400w, https:\/\/www.gruene-dettelbach-schwarzach.de\/wp-content\/uploads\/2024\/10\/image00004-768x1024.jpeg 768w, https:\/\/www.gruene-dettelbach-schwarzach.de\/wp-content\/uploads\/2024\/10\/image00004-1152x1536.jpeg 1152w, https:\/\/www.gruene-dettelbach-schwarzach.de\/wp-content\/uploads\/2024\/10\/image00004-1536x2048.jpeg 1536w, https:\/\/www.gruene-dettelbach-schwarzach.de\/wp-content\/uploads\/2024\/10\/image00004-scaled.jpeg 1920w\" sizes=\"auto, (max-width: 800px) 100vw, 800px\" \/><\/figure>\n\n\n\n<p>Die 3 Kandidaten von links: Stefan, Dennis, Michael<\/p>\n\n\n\n<figure class=\"wp-block-image size-large\"><img loading=\"lazy\" decoding=\"async\" width=\"800\" height=\"1067\" src=\"https:\/\/www.gruene-dettelbach-schwarzach.de\/wp-content\/uploads\/2024\/10\/image00007-800x1067.jpeg\" alt=\"Ganz entspannt : Stefan\" class=\"wp-image-1034\" srcset=\"https:\/\/www.gruene-dettelbach-schwarzach.de\/wp-content\/uploads\/2024\/10\/image00007-800x1067.jpeg 800w, https:\/\/www.gruene-dettelbach-schwarzach.de\/wp-content\/uploads\/2024\/10\/image00007-400x533.jpeg 400w, https:\/\/www.gruene-dettelbach-schwarzach.de\/wp-content\/uploads\/2024\/10\/image00007-768x1024.jpeg 768w, https:\/\/www.gruene-dettelbach-schwarzach.de\/wp-content\/uploads\/2024\/10\/image00007-1152x1536.jpeg 1152w, https:\/\/www.gruene-dettelbach-schwarzach.de\/wp-content\/uploads\/2024\/10\/image00007-1536x2048.jpeg 1536w, https:\/\/www.gruene-dettelbach-schwarzach.de\/wp-content\/uploads\/2024\/10\/image00007-scaled.jpeg 1920w\" sizes=\"auto, (max-width: 800px) 100vw, 800px\" \/><\/figure>\n\n\n\n<p>Stefan, ganz entspannt<\/p>\n\n\n\n<figure class=\"wp-block-image size-large\"><img loading=\"lazy\" decoding=\"async\" width=\"800\" height=\"1067\" src=\"https:\/\/www.gruene-dettelbach-schwarzach.de\/wp-content\/uploads\/2024\/10\/image00006-800x1067.jpeg\" alt=\"Gratulation von den beiden KV Sprechern\" class=\"wp-image-1032\" srcset=\"https:\/\/www.gruene-dettelbach-schwarzach.de\/wp-content\/uploads\/2024\/10\/image00006-800x1067.jpeg 800w, https:\/\/www.gruene-dettelbach-schwarzach.de\/wp-content\/uploads\/2024\/10\/image00006-400x533.jpeg 400w, https:\/\/www.gruene-dettelbach-schwarzach.de\/wp-content\/uploads\/2024\/10\/image00006-768x1024.jpeg 768w, https:\/\/www.gruene-dettelbach-schwarzach.de\/wp-content\/uploads\/2024\/10\/image00006-1152x1536.jpeg 1152w, https:\/\/www.gruene-dettelbach-schwarzach.de\/wp-content\/uploads\/2024\/10\/image00006-1536x2048.jpeg 1536w, https:\/\/www.gruene-dettelbach-schwarzach.de\/wp-content\/uploads\/2024\/10\/image00006-scaled.jpeg 1920w\" sizes=\"auto, (max-width: 800px) 100vw, 800px\" \/><\/figure>\n\n\n\n<p>Die 2 KV Vorsitzenden von Kitzingen und Schweinfurt f\u00fchrten durch die Wahl.<\/p>\n","protected":false},"excerpt":{"rendered":"<p>Am Samstag den 12.Oktober war die Wahl des GR\u00dcNEN Kandidaten f\u00fcr den Wahlkreis 249 (Schweinfurt \/ Kitzingen). Die Veranstaltung fand in den R\u00e4umen der Firma D\u00f6pfner in Gerolzhofen statt. 42 [&hellip;]<\/p>\n","protected":false},"author":-1,"featured_media":1033,"comment_status":"open","ping_status":"open","sticky":false,"template":"","format":"standard","meta":{"footnotes":""},"categories":[1],"tags":[],"class_list":["post-1028","post","type-post","status-publish","format-standard","has-post-thumbnail","hentry","category-aktuelles"],"_links":{"self":[{"href":"https:\/\/www.gruene-dettelbach-schwarzach.de\/index.php?rest_route=\/wp\/v2\/posts\/1028","targetHints":{"allow":["GET"]}}],"collection":[{"href":"https:\/\/www.gruene-dettelbach-schwarzach.de\/index.php?rest_route=\/wp\/v2\/posts"}],"about":[{"href":"https:\/\/www.gruene-dettelbach-schwarzach.de\/index.php?rest_route=\/wp\/v2\/types\/post"}],"author":[{"embeddable":true,"href":"https:\/\/www.gruene-dettelbach-schwarzach.de\/index.php?rest_route=\/wp\/v2\/users\/9"}],"replies":[{"embeddable":true,"href":"https:\/\/www.gruene-dettelbach-schwarzach.de\/index.php?rest_route=%2Fwp%2Fv2%2Fcomments&post=1028"}],"version-history":[{"count":3,"href":"https:\/\/www.gruene-dettelbach-schwarzach.de\/index.php?rest_route=\/wp\/v2\/posts\/1028\/revisions"}],"predecessor-version":[{"id":1037,"href":"https:\/\/www.gruene-dettelbach-schwarzach.de\/index.php?rest_route=\/wp\/v2\/posts\/1028\/revisions\/1037"}],"wp:featuredmedia":[{"embeddable":true,"href":"https:\/\/www.gruene-dettelbach-schwarzach.de\/index.php?rest_route=\/wp\/v2\/media\/1033"}],"wp:attachment":[{"href":"https:\/\/www.gruene-dettelbach-schwarzach.de\/index.php?rest_route=%2Fwp%2Fv2%2Fmedia&parent=1028"}],"wp:term":[{"taxonomy":"category","embeddable":true,"href":"https:\/\/www.gruene-dettelbach-schwarzach.de\/index.php?rest_route=%2Fwp%2Fv2%2Fcategories&post=1028"},{"taxonomy":"post_tag","embeddable":true,"href":"https:\/\/www.gruene-dettelbach-schwarzach.de\/index.php?rest_route=%2Fwp%2Fv2%2Ftags&post=1028"}],"curies":[{"name":"wp","href":"https:\/\/api.w.org\/{rel}","templated":true}]}}